[{"@context":"https:\/\/schema.org\/","@type":"Article","@id":"https:\/\/www.cskr.cz\/idealni-vybavicka-na-zimu\/#Article","mainEntityOfPage":"https:\/\/www.cskr.cz\/idealni-vybavicka-na-zimu\/","headline":"Ide\u00e1ln\u00ed v\u00fdbavi\u010dka na zimu","name":"Ide\u00e1ln\u00ed v\u00fdbavi\u010dka na zimu","description":"Miminka a kojenci nemaj\u00ed vyvinutou termoregulaci, co\u017e znamen\u00e1, \u017ee se neum\u00ed sama zah\u0159\u00e1t. Ta se &hellip; ","datePublished":"2024-11-30","dateModified":"2024-11-30","author":{"@type":"Person","@id":"https:\/\/www.cskr.cz\/author\/devene\/#Person","name":"devene","url":"https:\/\/www.cskr.cz\/author\/devene\/","identifier":1,"image":{"@type":"ImageObject","@id":"https:\/\/secure.gravatar.com\/avatar\/25a824e14ead2d36aba24b918221841350fb41cea98048e9b1929df8c4bf4bd8?s=96&d=mm&r=g","url":"https:\/\/secure.gravatar.com\/avatar\/25a824e14ead2d36aba24b918221841350fb41cea98048e9b1929df8c4bf4bd8?s=96&d=mm&r=g","height":96,"width":96}},"publisher":{"@type":"Organization","name":"cskr.cz","logo":{"@type":"ImageObject","@id":"\/logo.png","url":"\/logo.png","width":600,"height":60}},"image":{"@type":"ImageObject","@id":"https:\/\/www.cskr.cz\/wp-content\/uploads\/pexels-vira-dykun-406313951-15205656.jpg","url":"https:\/\/www.cskr.cz\/wp-content\/uploads\/pexels-vira-dykun-406313951-15205656.jpg","height":0,"width":0},"url":"https:\/\/www.cskr.cz\/idealni-vybavicka-na-zimu\/","about":["Zbo\u017e\u00ed"],"wordCount":421,"articleBody":"   Miminka a kojenci nemaj\u00ed vyvinutou termoregulaci, co\u017e znamen\u00e1, \u017ee se neum\u00ed sama zah\u0159\u00e1t. Ta se za\u010dne vyv\u00edjet zhruba v p\u016fl roce \u017eivota. Do t\u00e9 doby je nutn\u00e9 d\u00edt\u011b po\u0159\u00e1dn\u011b obl\u00e9kat v zim\u011b, ale zase ho nep\u0159eh\u0159\u00e1t v l\u00e9t\u011b. Nad obl\u00e9k\u00e1n\u00edm takto mal\u00fdch d\u011bt\u00ed \u010dasto t\u00e1pou i rodi\u010de, kte\u0159\u00ed u\u017e d\u00edt\u011b maj\u00ed. V\u017edy \u010dlov\u011bk p\u0159em\u00fd\u0161l\u00ed, zda nedal moc m\u00e1lo anebo naopak moc vrstev a d\u00edt\u011bti nen\u00ed horko nebo zima. Vzhledem k tomu \u017ee je tu za\u010d\u00e1tek nov\u00e9ho roku a venku nastala opravdov\u00e1 zima i s mrazy b\u011bhem dne, je pot\u0159eba d\u011btem p\u0159izp\u016fsobit \u0161atn\u00edk. V\u0161ichni rodi\u010de by m\u011bli m\u00edt p\u0159ed narozen\u00edm d\u00edt\u011bte p\u0159ipravenou v\u00fdbavi\u010dku, kde bude p\u0159edev\u0161\u00edm oble\u010den\u00ed na prvn\u00ed t\u00fddny \u017eivota d\u00edt\u011bte, proto\u017ee ka\u017ed\u00e9 d\u00edt\u011b roste jinak rychle a je zbyte\u010dn\u00e9 kupovat oble\u010den\u00ed na prvn\u00ed rok. Rozhodn\u011b byste m\u011bli m\u00edt jako rodi\u010de novorozenc\u016f a kojenc\u016f, kte\u0159\u00ed svoje prvn\u00ed m\u011bs\u00edce \u017eivota pro\u017e\u00edvaj\u00ed v zim\u011b, p\u0159ipraven\u00e9 nejen overaly a dupa\u010dky, ale i kojeneck\u00e9 mikiny a svetry Kojeneckeobleceni.cz. V\u017edy plat\u00ed, \u017ee je lep\u0161\u00ed d\u00edt\u011b obl\u00e9knout do v\u00edce slab\u0161\u00edch vrstev, proto\u017ee mu bude tepleji. Zabr\u00e1n\u00edte tak podchlazen\u00ed. Samoz\u0159ejm\u011b nesm\u00edte zapomenout ani na v\u00fdbavi\u010dku do ko\u010d\u00e1rku. Ta se skl\u00e1d\u00e1 nejen z tepl\u00e9 deky, kterou m\u016f\u017eete upevnit p\u0159\u00edmo na korbu pod d\u00edt\u011b, ale je nutn\u00e9 m\u00edt opravdu kvalitn\u00ed zimn\u00ed fusak. Krom\u011b mikin, svetr\u016f, zimn\u00edch overal\u016f a kalhot nezapom\u00ednejte ani na rukavi\u010dky, \u010depice a p\u0159\u00edpadn\u011b zimn\u00ed kukly, kter\u00e9 zejm\u00e9na novorozenci sn\u00e1\u0161\u00ed l\u00e9pe ne\u017e \u010depici a n\u00e1kr\u010dn\u00edk, kter\u00fd ani pro takto mal\u00e9 d\u011bti nen\u00ed vhodn\u00fd. Vybavit svoje d\u00edt\u011b na zimu m\u016f\u017eete nap\u0159\u00edklad u n\u00e1s, kde najdete spoustu kvalitn\u00edho oble\u010den\u00ed s jasn\u00fdm p\u016fvodem, a nav\u00edc za skv\u011bl\u00e9 ceny. Samoz\u0159ejm\u011b nen\u00ed nutn\u00e9 v\u0161echno kupovat nov\u00e9, ale pokud si chcete ud\u011blat radost a koupit n\u011bco hezk\u00e9ho sv\u00e9mu miminku, ur\u010dit\u011b se obra\u0165te na n\u00e1s. V nab\u00eddce toho m\u00e1me opravdu hodn\u011b pro holky i pro kluky, a krom\u011b p\u0159\u00edjemn\u00fdch cen na v\u00e1s \u010dek\u00e1 i sleva na prvn\u00ed n\u00e1kup.                                                                                                                                                                                                                                                                                                                                                                                                  "},{"@context":"https:\/\/schema.org\/","@type":"BreadcrumbList","itemListElement":[{"@type":"ListItem","position":1,"name":"Ide\u00e1ln\u00ed v\u00fdbavi\u010dka na zimu","item":"https:\/\/www.cskr.cz\/idealni-vybavicka-na-zimu\/#breadcrumbitem"}]}]