[{"@context":"https:\/\/schema.org\/","@type":"Article","@id":"https:\/\/www.cskr.cz\/kam-letos-na-dovolenou\/#Article","mainEntityOfPage":"https:\/\/www.cskr.cz\/kam-letos-na-dovolenou\/","headline":"Kam letos na dovolenou?","name":"Kam letos na dovolenou?","description":"Pokud se chyst\u00e1te na dovolenou, Bale\u00e1rsk\u00e9 ostrovy jsou velmi obl\u00edbenou a vyhled\u00e1vanou turistickou destinac\u00ed. Nejsp\u00ed\u0161e &hellip; ","datePublished":"2025-02-25","dateModified":"2025-02-25","author":{"@type":"Person","@id":"https:\/\/www.cskr.cz\/author\/devene\/#Person","name":"devene","url":"https:\/\/www.cskr.cz\/author\/devene\/","identifier":1,"image":{"@type":"ImageObject","@id":"https:\/\/secure.gravatar.com\/avatar\/25a824e14ead2d36aba24b918221841350fb41cea98048e9b1929df8c4bf4bd8?s=96&d=mm&r=g","url":"https:\/\/secure.gravatar.com\/avatar\/25a824e14ead2d36aba24b918221841350fb41cea98048e9b1929df8c4bf4bd8?s=96&d=mm&r=g","height":96,"width":96}},"publisher":{"@type":"Organization","name":"cskr.cz","logo":{"@type":"ImageObject","@id":"\/logo.png","url":"\/logo.png","width":600,"height":60}},"image":{"@type":"ImageObject","@id":"https:\/\/www.cskr.cz\/wp-content\/uploads\/img_a301636_w2381_t1511724842.jpg","url":"https:\/\/www.cskr.cz\/wp-content\/uploads\/img_a301636_w2381_t1511724842.jpg","height":0,"width":0},"url":"https:\/\/www.cskr.cz\/kam-letos-na-dovolenou\/","wordCount":402,"articleBody":"Pokud se chyst\u00e1te na dovolenou, Bale\u00e1rsk\u00e9 ostrovy jsou velmi obl\u00edbenou a vyhled\u00e1vanou turistickou destinac\u00ed. Nejsp\u00ed\u0161e to bude t\u0159emi sty slune\u010dn\u00fdmi dny v roce a n\u00e1dhern\u00fdmi pl\u00e1\u017eemi, olemovan\u00fdmi pr\u016fzra\u010dn\u00fdm mo\u0159em. Hlavn\u00edm a z\u00e1rove\u0148 i nejlidnat\u011bj\u0161\u00edm m\u011bstem je Palma de Mallorca, ve kter\u00e9m najdete skute\u010dn\u011b na ka\u017ed\u00e9m rohu n\u011bjakou p\u011bknou palmu. Krom\u011b historick\u00fdch pam\u00e1tek, kostel\u016f a muze\u00ed v n\u011bm m\u016f\u017eete nav\u0161t\u00edvit nekone\u010dn\u00e9 mno\u017estv\u00ed kav\u00e1ren, restaurac\u00ed a trh\u016f, kde se prod\u00e1v\u00e1 v\u0161echno, po \u010dem by mohlo turistovo srdce zatou\u017eit. Jestli hled\u00e1te sp\u00ed\u0161e aktivn\u00ed dovolenou, krom\u011b plav\u00e1n\u00ed si na ostrovech u\u017eijete pot\u00e1p\u011bn\u00ed, \u0161norchlov\u00e1n\u00ed \u010di windsurfing a golf. Bale\u00e1rsk\u00e9 ostrovy provozuj\u00ed skute\u010dn\u011b kvalitn\u00ed golfov\u00e1 h\u0159i\u0161t\u011b. L\u00e1kav\u00e1 je i mo\u017enost p\u011b\u0161\u00edch v\u00fdlet\u016f po horsk\u00fdch stezk\u00e1ch. Nebo vyj\u00ed\u017e\u010fky na kolech \u010di putov\u00e1n\u00ed po ostrovech na kon\u00edch.  Mallorca \u2013 nejv\u011bt\u0161\u00ed z ostrov\u016f, kter\u00fd je v centru turistick\u00e9ho z\u00e1jmu a proto je i v\u00edce komer\u010dn\u011b orientov\u00e1n ne\u017e zb\u00fdvaj\u00edc\u00ed ostrovy.Ibiza\u2013 spojen\u00ed b\u00edl\u00e9ho p\u00edsku, modrav\u00e9 vody a tane\u010dn\u00ed hudby u\u010din\u00ed ka\u017edou noc, kterou str\u00e1v\u00edte na tomto ostrov\u011b, nezapomenutelnou. Ka\u017ed\u00fd ve\u010der se tu kon\u00e1 minim\u00e1ln\u011b jedna velk\u00e1 pl\u00e1\u017eov\u00e1 p\u00e1rty.Formentera\u2013 ostrov, kter\u00fd se neobjevuje v nab\u00eddk\u00e1ch cestovn\u00edch kancel\u00e1\u0159\u00ed a p\u0159esto na n\u011bm existuje n\u011bkolik m\u00edst, kde se m\u016f\u017eete ubytovat. Pokud m\u00e1te r\u00e1di luxus, p\u0159\u00edmo na pl\u00e1\u017ei najdete hotel Insotel Club Formentera Playa, kter\u00fd poskytuje sportovn\u00ed vy\u017eit\u00ed p\u0159\u00edmo v jeho are\u00e1lu. Cabrera\u2013 ostrov s k\u0159i\u0161\u0165\u00e1lov\u011b \u010distou vodou, kter\u00e1 umo\u017e\u0148uje viditelnost a\u017e do hloubky t\u0159iceti metr\u016f, je r\u00e1jem pro pot\u00e1p\u011b\u010de. Pod vodou se mohou t\u011b\u0161it na barracudy, chobotnice a mur\u00e9ny, kter\u00e9 se tu vyskytuj\u00ed v hojn\u00e9m mno\u017estv\u00ed.Menorca \u2013 ostrov, kter\u00fd le\u017e\u00ed mimo hlavn\u00ed z\u00e1jem turistick\u00e9ho ruchu. Pokud ale hled\u00e1te klid a mo\u017enost pozn\u00e1vat m\u00edstn\u00ed obyvatele, je\u010fte letos na Menorcu. Ostrov se py\u0161n\u00ed m\u011bstem Ciutadella, kter\u00fd byl prohl\u00e1\u0161en za n\u00e1rodn\u00ed kulturn\u00ed pam\u00e1tku, nebo poutn\u00edm m\u00edstem Monte Toro.                                                                                                                                                                                                                                                                                                                                                                                                "},{"@context":"https:\/\/schema.org\/","@type":"BreadcrumbList","itemListElement":[{"@type":"ListItem","position":1,"name":"Kam letos na dovolenou?","item":"https:\/\/www.cskr.cz\/kam-letos-na-dovolenou\/#breadcrumbitem"}]}]