[{"@context":"https:\/\/schema.org\/","@type":"Article","@id":"https:\/\/www.cskr.cz\/kdyz-prijdete-o-svuj-prostor\/#Article","mainEntityOfPage":"https:\/\/www.cskr.cz\/kdyz-prijdete-o-svuj-prostor\/","headline":"Kdy\u017e p\u0159ijdete o sv\u016fj prostor","name":"Kdy\u017e p\u0159ijdete o sv\u016fj prostor","description":"P\u0159i\u0161el okam\u017eik, na kter\u00fd jste se tak dlouho t\u011b\u0161il. Va\u0161e p\u0159\u00edtelkyn\u011b se k v\u00e1m kone\u010dn\u011b &hellip; ","datePublished":"2024-12-01","dateModified":"2024-12-01","author":{"@type":"Person","@id":"https:\/\/www.cskr.cz\/author\/devene\/#Person","name":"devene","url":"https:\/\/www.cskr.cz\/author\/devene\/","identifier":1,"image":{"@type":"ImageObject","@id":"https:\/\/secure.gravatar.com\/avatar\/25a824e14ead2d36aba24b918221841350fb41cea98048e9b1929df8c4bf4bd8?s=96&d=mm&r=g","url":"https:\/\/secure.gravatar.com\/avatar\/25a824e14ead2d36aba24b918221841350fb41cea98048e9b1929df8c4bf4bd8?s=96&d=mm&r=g","height":96,"width":96}},"publisher":{"@type":"Organization","name":"cskr.cz","logo":{"@type":"ImageObject","@id":"\/logo.png","url":"\/logo.png","width":600,"height":60}},"url":"https:\/\/www.cskr.cz\/kdyz-prijdete-o-svuj-prostor\/","wordCount":197,"articleBody":"P\u0159i\u0161el okam\u017eik, na kter\u00fd jste se tak dlouho t\u011b\u0161il. Va\u0161e p\u0159\u00edtelkyn\u011b se k v\u00e1m kone\u010dn\u011b nast\u011bhovala a m\u016f\u017eete bydlet spole\u010dn\u011b. To jste ale netu\u0161il, kolik v\u011bc\u00ed si sebou p\u0159iveze a kolik va\u0161eho m\u00edsta v\u00e1m zabere. T\u0159eba v takov\u00e9 koupeln\u011b, v\u0161ude sam\u00e1 drogerie z N\u011bmecka a vy mezi nimi nem\u016f\u017eete naj\u00edt sv\u016fj jedin\u00fd sprchov\u00fd gel. Nezbyde v\u00e1m nic jin\u00e9ho, ne\u017e se s t\u00edm sm\u00ed\u0159it. Va\u0161e bydlen\u00ed Spole\u010dn\u00fdm bydlen\u00edm o sob\u011b zjist\u00edte tolik nov\u00fdch informac\u00ed. Zjist\u00edte t\u0159eba to, jak\u00e9 jsou va\u0161e denn\u00ed rytmy, jak jste oba dva \u010distotn\u00ed, a tak\u00e9 to, kolik kdo z v\u00e1s kolem sebe pot\u0159ebuje m\u00edsta. To, \u017ee \u017eeny pot\u0159ebuj\u00ed v\u011bt\u0161inu \u00falo\u017en\u00fdch prostor pro sv\u00e9 oble\u010den\u00ed, to se v\u00ed, ale p\u0159ekvapilo v\u00e1s, \u017ee i p\u0159esn\u011b tolik m\u00edsta pot\u0159ebuj\u00ed pro drogerii z N\u011bmecka? Ned\u00e1 se nic d\u011blat, za chv\u00edli ale zjist\u00edte i vy, jak jsou ty p\u0159\u00edpravky skv\u011bl\u00e9 a vo\u0148av\u00e9.                                                                                                                                                                                                                                                                                                                                                                                                "},{"@context":"https:\/\/schema.org\/","@type":"BreadcrumbList","itemListElement":[{"@type":"ListItem","position":1,"name":"Kdy\u017e p\u0159ijdete o sv\u016fj prostor","item":"https:\/\/www.cskr.cz\/kdyz-prijdete-o-svuj-prostor\/#breadcrumbitem"}]}]