[{"@context":"https:\/\/schema.org\/","@type":"Article","@id":"https:\/\/www.cskr.cz\/nestydte-se-vyjet-ven-s-ruzovym-kocarkem\/#Article","mainEntityOfPage":"https:\/\/www.cskr.cz\/nestydte-se-vyjet-ven-s-ruzovym-kocarkem\/","headline":"Nesty\u010fte se vyjet ven s r\u016f\u017eov\u00fdm ko\u010d\u00e1rkem","name":"Nesty\u010fte se vyjet ven s r\u016f\u017eov\u00fdm ko\u010d\u00e1rkem","description":"\u0158ad\u00edte se k v\u0161\u00edmav\u00fdm lidem? Pak v\u00e1m mo\u017en\u00e1 neuniklo, \u017ee se pomalu, ale jist\u011b za\u010d\u00ednaj\u00ed &hellip; ","datePublished":"2023-01-22","dateModified":"2023-05-03","author":{"@type":"Person","@id":"https:\/\/www.cskr.cz\/author\/devene\/#Person","name":"devene","url":"https:\/\/www.cskr.cz\/author\/devene\/","identifier":1,"image":{"@type":"ImageObject","@id":"https:\/\/secure.gravatar.com\/avatar\/25a824e14ead2d36aba24b918221841350fb41cea98048e9b1929df8c4bf4bd8?s=96&d=mm&r=g","url":"https:\/\/secure.gravatar.com\/avatar\/25a824e14ead2d36aba24b918221841350fb41cea98048e9b1929df8c4bf4bd8?s=96&d=mm&r=g","height":96,"width":96}},"publisher":{"@type":"Organization","name":"cskr.cz","logo":{"@type":"ImageObject","@id":"\/logo.png","url":"\/logo.png","width":600,"height":60}},"image":{"@type":"ImageObject","@id":"https:\/\/www.cskr.cz\/wp-content\/uploads\/bassinet-g7b5509916_640.jpg","url":"https:\/\/www.cskr.cz\/wp-content\/uploads\/bassinet-g7b5509916_640.jpg","height":0,"width":0},"url":"https:\/\/www.cskr.cz\/nestydte-se-vyjet-ven-s-ruzovym-kocarkem\/","about":["Zbo\u017e\u00ed"],"wordCount":448,"articleBody":"       \u0158ad\u00edte se k v\u0161\u00edmav\u00fdm lidem? Pak v\u00e1m mo\u017en\u00e1 neuniklo, \u017ee se pomalu, ale jist\u011b za\u010d\u00ednaj\u00ed vytr\u00e1cet z\u00e1\u0159iv\u00e9 pastelov\u00e9 barvy z mnoha druh\u016f v\u00fdrobk\u016f. T\u00fdk\u00e1 se to nap\u0159\u00edklad oble\u010den\u00ed, n\u00e1bytku, dom\u00e1c\u00edch spot\u0159ebi\u010d\u016f, elektroniky, v\u00fdpo\u010detn\u00ed techniky, automobil\u016f, ale i d\u011btsk\u00fdch ko\u010d\u00e1rk\u016f. Pom\u011brn\u011b \u010dasto se st\u00e1v\u00e1, \u017ee v obchodech naraz\u00edte v nab\u00eddce zejm\u00e9na na p\u0159evahu \u010dern\u00e9, \u0161ed\u00e9, tmav\u011b modr\u00e9, hn\u011bd\u00e9, tmav\u011b zelen\u00e9, a sp\u00ed\u0161e v\u00fdjime\u010dn\u011b b\u00edl\u00e9, a pokud se n\u011bkde objev\u00ed \u010derven\u00e1 a \u017elut\u00e1, tak v kombinaci s \u010dernou.Tato zd\u00e1nliv\u00e1 mali\u010dkost m\u00e1 v\u0161ak zna\u010dn\u00fd vliv na lidskou psychiku. Je zn\u00e1mo, \u017ee \u010d\u00edm v\u00edce ponur\u00e9 barvy kolem sebe m\u00e1me, t\u00edm \u010dast\u011bji se st\u00e1v\u00e1me pacienty psycholog\u016f a psychiatr\u016f, proto\u017ee m\u00edv\u00e1me siln\u011bj\u0161\u00ed sklony k depres\u00edm, \u00fazkostn\u00fdm stav\u016fm, a dokonce ke schizofrenii, apatii a agresivit\u011b. P\u0159itom pastelov\u00e9 barvy jsou p\u0159irozenou sou\u010d\u00e1st\u00ed p\u0159\u00edrody, a jist\u011b by se v\u00e1m nel\u00edbilo darovat va\u0161\u00ed p\u0159\u00edtelkyni k narozenin\u00e1m pug\u00e9t rozkvetl\u00fdch \u0161ed\u00fdch r\u016f\u017e\u00ed nebo \u010dern\u00fdch chryzant\u00e9m \u010di slune\u010dnic.Jestli\u017ee si uv\u011bdom\u00edme, \u017ee absence barev ve v\u00fdrobn\u00ed sf\u00e9\u0159e ovliv\u0148uje my\u0161len\u00ed a psychiku n\u00e1s, dosp\u011bl\u00fdch, mus\u00ed n\u00e1m b\u00fdt jasn\u00e9, \u017ee mnohem siln\u011bj\u0161\u00ed dopad to bude m\u00edt na d\u011bti, a zejm\u00e9na na kojence a batolata. Pokud je budeme obklopovat \u010dernou a \u0161edou, mohou dokonce onemocn\u011bt v\u00e1\u017enou chorobou. Bu\u010fte tedy bd\u011bl\u00ed a d\u00e1vejte si na tyto z\u00e1le\u017eitosti dobr\u00fd pozor. Po\u0159i\u010fte d\u011btem r\u016f\u017eov\u00fd ko\u010d\u00e1rek, a rozhodn\u011b se nesty\u010fte s n\u00edm vych\u00e1zet na ulici. Ani mu\u017ei by nem\u011bli b\u00fdt ost\u00fdchav\u00ed, proto\u017ee kup\u0159\u00edkladu v dob\u011b renesance se r\u016f\u017eov\u00e1 mezi mu\u017ei nosila b\u011b\u017en\u011b, a byla sp\u00ed\u0161e pova\u017eov\u00e1na za symbol mu\u017enosti, ne\u017e \u017eenskosti.Krom\u011b r\u016f\u017eov\u00e9 barvy ko\u010d\u00e1rk\u016f se d\u011btem nepochybn\u011b zal\u00edb\u00ed i barevn\u00e9 oble\u010den\u00ed a hra\u010dky, tam jsou barvy stejn\u011b d\u016fle\u017eit\u00e9 a d\u011bti jsou na jejich vn\u00edm\u00e1n\u00ed nastaven\u00e9 mnohem citliv\u011bji, ne\u017e my, dosp\u011bl\u00ed. Z\u00e1rove\u0148 n\u00e1m t\u00edm sd\u011bluj\u00ed, \u017ee bychom se m\u011bli zamyslet nad sv\u00fdm \u017eivotem, a dod\u00e1vat na trh barevn\u011bj\u0161\u00ed produkty, ne\u017e je tomu doposud. Mimochodem, v 80. letech minul\u00e9ho stolet\u00ed se lid\u00e9 obl\u00e9kali mnohem v\u00edce barevn\u011b, a nikdo to nepova\u017eoval za n\u011bco \u201eujet\u00e9ho\u201c.                                                                                                                                                                                                                                                                                                                                                                                                  "},{"@context":"https:\/\/schema.org\/","@type":"BreadcrumbList","itemListElement":[{"@type":"ListItem","position":1,"name":"Nesty\u010fte se vyjet ven s r\u016f\u017eov\u00fdm ko\u010d\u00e1rkem","item":"https:\/\/www.cskr.cz\/nestydte-se-vyjet-ven-s-ruzovym-kocarkem\/#breadcrumbitem"}]}]