[{"@context":"https:\/\/schema.org\/","@type":"Article","@id":"https:\/\/www.cskr.cz\/planujete-dovolenou\/#Article","mainEntityOfPage":"https:\/\/www.cskr.cz\/planujete-dovolenou\/","headline":"Pl\u00e1nujete dovolenou?","name":"Pl\u00e1nujete dovolenou?","description":"Ka\u017ed\u00fd m\u00e1 r\u00e1d jin\u00e9 ro\u010dn\u00ed obdob\u00ed. Jsou lid\u00e9, kte\u0159\u00ed nade v\u0161e miluj\u00ed l\u00e9to se v\u0161\u00edm, &hellip; ","datePublished":"2025-04-25","dateModified":"2025-04-25","author":{"@type":"Person","@id":"https:\/\/www.cskr.cz\/author\/devene\/#Person","name":"devene","url":"https:\/\/www.cskr.cz\/author\/devene\/","identifier":1,"image":{"@type":"ImageObject","@id":"https:\/\/secure.gravatar.com\/avatar\/25a824e14ead2d36aba24b918221841350fb41cea98048e9b1929df8c4bf4bd8?s=96&d=mm&r=g","url":"https:\/\/secure.gravatar.com\/avatar\/25a824e14ead2d36aba24b918221841350fb41cea98048e9b1929df8c4bf4bd8?s=96&d=mm&r=g","height":96,"width":96}},"publisher":{"@type":"Organization","name":"cskr.cz","logo":{"@type":"ImageObject","@id":"\/logo.png","url":"\/logo.png","width":600,"height":60}},"url":"https:\/\/www.cskr.cz\/planujete-dovolenou\/","wordCount":251,"articleBody":"Ka\u017ed\u00fd m\u00e1 r\u00e1d jin\u00e9 ro\u010dn\u00ed obdob\u00ed. Jsou lid\u00e9, kte\u0159\u00ed nade v\u0161e miluj\u00ed l\u00e9to se v\u0161\u00edm, co k n\u011bmu pat\u0159\u00ed. Tedy i vedra \u010di kom\u00e1ry. Jsou zde p\u0159\u00edznivci zimy a sn\u011bhu, jsou zde milovn\u00edci jara, jsou zde zasn\u011bn\u00ed obdivovatel\u00e9 podzimu. A pr\u00e1v\u011b posledn\u00ed jmenovan\u00ed si pr\u00e1v\u011b p\u0159ich\u00e1zej\u00ed na sv\u00e9, nebo\u0165 podzim p\u0159ich\u00e1z\u00ed. Av\u0161ak snad milovn\u00edci v\u0161ech ro\u010dn\u00edch obdob\u00ed podnikaj\u00ed v\u00fdlety. Na podzim to m\u016f\u017ee b\u00fdt nap\u0159\u00edklad v\u00fdlet za pou\u0161t\u011bn\u00edm drak\u016f. Autop\u016fj\u010dovna V\u00e1m umo\u017en\u00ed neztr\u00e1cet \u010das dlouh\u00fdm p\u011b\u0161\u00edm cestov\u00e1n\u00edm k vyty\u010den\u00e9mu c\u00edli. Auto\u016fj\u010dovna Zejm\u00e9na m\u00e1te-li d\u011bti, asi nebudete p\u0159\u00edli\u0161 nad\u0161eni z my\u0161lenky p\u011b\u0161\u00ed t\u00fary k vhodn\u00e9mu kopci v doprovodu d\u011bt\u00ed, kter\u00e9 budou velmi netrp\u011bliv\u00e9. Autop\u016fj\u010dovna V\u00e1m umo\u017en\u00ed hrav\u011b a rychle se dostat k tomu nejlep\u0161\u00edmu kopci, pak ji\u017e m\u016f\u017eete jen neru\u0161en\u011b pou\u0161t\u011bt sv\u00e9ho draka a sout\u011b\u017eit o to, komu let\u00ed nejl\u00e9pe. S drakem a\u017e do ve\u010dera autop\u016fj\u010dovna V\u00e1s t\u00edmto tak\u00e9 zbav\u00ed starost\u00ed o to, abyste ode\u0161li v\u010das z vych\u00e1zky, m\u016f\u017eete b\u00fdt na m\u00edst\u011b a\u017e do setm\u011bn\u00ed a pot\u00e9 jet dom\u016f pohodln\u011b autem, kter\u00e9 V\u00e1m na Va\u0161e p\u0159\u00e1n\u00ed kamkoli p\u0159istav\u00edme.                                                                                                                                                                                                                                                                                                                                                                                                "},{"@context":"https:\/\/schema.org\/","@type":"BreadcrumbList","itemListElement":[{"@type":"ListItem","position":1,"name":"Pl\u00e1nujete dovolenou?","item":"https:\/\/www.cskr.cz\/planujete-dovolenou\/#breadcrumbitem"}]}]