[{"@context":"https:\/\/schema.org\/","@type":"Article","@id":"https:\/\/www.cskr.cz\/werichova-vila-na-kampe-znovu-ozila\/#Article","mainEntityOfPage":"https:\/\/www.cskr.cz\/werichova-vila-na-kampe-znovu-ozila\/","headline":"Werichova vila na Kamp\u011b znovu o\u017eila","name":"Werichova vila na Kamp\u011b znovu o\u017eila","description":"Vila poch\u00e1z\u00ed z po\u010d\u00e1tku 17. stolet\u00ed a p\u016fvodn\u011b slou\u017eila jako ko\u017eelu\u017ena. Od roku 1918 je &hellip; ","datePublished":"2025-02-23","dateModified":"2025-02-23","author":{"@type":"Person","@id":"https:\/\/www.cskr.cz\/author\/devene\/#Person","name":"devene","url":"https:\/\/www.cskr.cz\/author\/devene\/","identifier":1,"image":{"@type":"ImageObject","@id":"https:\/\/secure.gravatar.com\/avatar\/25a824e14ead2d36aba24b918221841350fb41cea98048e9b1929df8c4bf4bd8?s=96&d=mm&r=g","url":"https:\/\/secure.gravatar.com\/avatar\/25a824e14ead2d36aba24b918221841350fb41cea98048e9b1929df8c4bf4bd8?s=96&d=mm&r=g","height":96,"width":96}},"publisher":{"@type":"Organization","name":"cskr.cz","logo":{"@type":"ImageObject","@id":"\/logo.png","url":"\/logo.png","width":600,"height":60}},"image":{"@type":"ImageObject","@id":"https:\/\/www.cskr.cz\/wp-content\/uploads\/img_a291251_w2243_t1503994883.jpg","url":"https:\/\/www.cskr.cz\/wp-content\/uploads\/img_a291251_w2243_t1503994883.jpg","height":0,"width":0},"url":"https:\/\/www.cskr.cz\/werichova-vila-na-kampe-znovu-ozila\/","wordCount":368,"articleBody":"Vila poch\u00e1z\u00ed z po\u010d\u00e1tku 17. stolet\u00ed a p\u016fvodn\u011b slou\u017eila jako ko\u017eelu\u017ena. Od roku 1918 je v majetku m\u011bsta. Od povodn\u00ed v roce 2002 zela Werichova vila pr\u00e1zdnotou. Do t\u00e9 doby byla vyu\u017e\u00edv\u00e1na pro bydlen\u00ed, p\u0159i povodn\u00edch v\u0161ak voda vystopila a\u017e do prvn\u00edho patra a stala se neobyvatelnou. Po z\u00e1kladn\u00ed rekonstrukci pak majitel M\u011bstk\u00e1 \u010d\u00e1st Prahy 1 hledal dal\u0161\u00ed vyu\u017eit\u00ed. V roce 2015 vyhr\u00e1la ve\u0159ejnou otev\u0159enou sout\u011b\u017e na pron\u00e1jem vily Nadace Jana a Medy Ml\u00e1dkov\u00fdch, kter\u00e1 z\u0159izuje tak\u00e9 nedalek\u00e9 Museum Kampa. Pan\u00ed Meda Ml\u00e1dkov\u00e1, kter\u00e1 je zakladatelkou Nadace,\u00a0 m\u00e1 krom\u011b l\u00e1sky k \u010desk\u00e9 kultu\u0159e tak\u00e9 bl\u00edzk\u00fd osobn\u00ed vztah k Ji\u0159\u00edmu Voskovcovi. B\u011bhem jeho pobytu v Americe se s n\u00edm p\u0159\u00e1telsky sch\u00e1zela.Pan\u00ed Med\u011b se tak splnil jeden ze sn\u016f a poda\u0159ilo se j\u00ed pron\u00e1jem vily z\u00edskat, a to pr\u00e1v\u011b za \u00fa\u010delem jej\u00edho znovuo\u017eiven\u00ed. Tak jako d\u0159\u00edve vilu ob\u00fdvaly zn\u00e1m\u00e9 kulturn\u00ed osobnosti (nap\u0159. Josef Dobrovsk\u00fd, Zden\u011bk Wirth, Jan Werich, Ji\u0159\u00ed Voskovec, Vladim\u00edr Holan&#8230;), i nyn\u00ed si pan\u00ed Meda Ml\u00e1dkov\u00e1 vysnila vilu plnou kulturn\u00edho \u017eivota.\u00a0Krom\u011b st\u00e1l\u00e9 expozice s interaktivn\u00edmi prvky v\u011bnovan\u00e9 prim\u00e1rn\u011b Voskovci a Werichovi a jejich Osvobozen\u00e9mu divadlu \u010di Vladim\u00edru Holanovi, je ale vila tak\u00e9 kulturn\u00edm centrem. Je p\u0159ipravov\u00e1n bohat\u00fd program pln\u00fdkoncert\u016f, divadeln\u00edch p\u0159edstaven\u00ed, prom\u00edt\u00e1n\u00ed, wrkshop\u016f, debat \u010di akc\u00ed pro \u0161koly a rodiny s d\u011btmi.M\u00edstnosti ve vile jsou \u010dlen\u011bny do n\u011bkolika tematick\u00fdch okruh\u016f jako je divadeln\u00ed \u0161atna, v\u00fdstava kost\u00fdm\u016f ze slavn\u00fdch film\u016f, Werichova pracovna a m\u00edstnost zam\u011b\u0159en\u00e1 na poh\u00e1dky z knihy Fimf\u00e1rum. St\u00e1l\u00e1 expozice je vytvo\u0159ena z p\u0159edm\u011bt\u016f, kter\u00e9 jsou zap\u016fj\u010deny z r\u016fzn\u00fdch soukrom\u00fdch sb\u00edrek. Podle slov p\u0159edstavitel\u016f Nadace ve vile nic p\u016fvodn\u00edho po Werichovi nez\u016fstalo. Expozice se tak\u00e9 st\u00e1le roz\u0161i\u0159uje a v z\u00e1\u0159\u00ed se chyst\u00e1 i jej\u00ed obohacen\u00ed o dal\u0161\u00ed interaktivn\u00ed prvky zaji\u0161t\u011bn\u00e9 technologiemi, kter\u00e9 dosud \u017e\u00e1dn\u00e9 \u010desk\u00e9 muzeum nevyu\u017e\u00edv\u00e1.\u00a0                                                                                                                                                                                                                                                                                                                                                                                                "},{"@context":"https:\/\/schema.org\/","@type":"BreadcrumbList","itemListElement":[{"@type":"ListItem","position":1,"name":"Werichova vila na Kamp\u011b znovu o\u017eila","item":"https:\/\/www.cskr.cz\/werichova-vila-na-kampe-znovu-ozila\/#breadcrumbitem"}]}]