[{"@context":"https:\/\/schema.org\/","@type":"Article","@id":"https:\/\/www.cskr.cz\/zvirata-a-byt\/#Article","mainEntityOfPage":"https:\/\/www.cskr.cz\/zvirata-a-byt\/","headline":"Zv\u00ed\u0159ata a byt","name":"Zv\u00ed\u0159ata a byt","description":"Najdou se lid\u00e9, kte\u0159\u00ed si mysl\u00ed, \u017ee je pro zv\u00ed\u0159e nejlep\u0161\u00ed, kdy\u017e m\u016f\u017ee \u017e\u00edt v &hellip; ","datePublished":"2023-04-18","dateModified":"2023-04-18","author":{"@type":"Person","@id":"https:\/\/www.cskr.cz\/author\/devene\/#Person","name":"devene","url":"https:\/\/www.cskr.cz\/author\/devene\/","identifier":1,"image":{"@type":"ImageObject","@id":"https:\/\/secure.gravatar.com\/avatar\/25a824e14ead2d36aba24b918221841350fb41cea98048e9b1929df8c4bf4bd8?s=96&d=mm&r=g","url":"https:\/\/secure.gravatar.com\/avatar\/25a824e14ead2d36aba24b918221841350fb41cea98048e9b1929df8c4bf4bd8?s=96&d=mm&r=g","height":96,"width":96}},"publisher":{"@type":"Organization","name":"cskr.cz","logo":{"@type":"ImageObject","@id":"\/logo.png","url":"\/logo.png","width":600,"height":60}},"image":{"@type":"ImageObject","@id":"https:\/\/www.cskr.cz\/wp-content\/uploads\/cat-3699032_1280.jpg","url":"https:\/\/www.cskr.cz\/wp-content\/uploads\/cat-3699032_1280.jpg","height":0,"width":0},"url":"https:\/\/www.cskr.cz\/zvirata-a-byt\/","about":["Zv\u00ed\u0159ata"],"wordCount":445,"articleBody":"Najdou se lid\u00e9, kte\u0159\u00ed si mysl\u00ed, \u017ee je pro zv\u00ed\u0159e nejlep\u0161\u00ed, kdy\u017e m\u016f\u017ee \u017e\u00edt v byt\u011b. N\u011bco takov\u00e9ho ale nen\u00ed pravda. Pro zv\u00ed\u0159ata je nejlep\u0161\u00ed, kdy\u017e se mohou pohybovat venku.Mysl\u00edte si, \u017ee je pro zv\u00ed\u0159e ide\u00e1ln\u00ed, kdy\u017e je zav\u0159en\u00e9 v m\u00edstnosti a nem\u016f\u017ee se nap\u0159\u00edklad zaj\u00edt vypr\u00e1zdnit kdykoliv to zrovna pot\u0159ebuje? Rozhodn\u011b ne.Lid\u00e9 maj\u00ed pocit, \u017ee jsou schopni jejich zv\u00ed\u0159ata v\u0161emu nau\u010dit. Rozhodn\u011b ale ur\u010dit\u00e9 v\u011bci nejsou pro dan\u00e9 zv\u00ed\u0159e v\u016fbec p\u0159irozen\u00e9.Kdy\u017e si vezmeme nap\u0159\u00edklad psa, lid\u00e9 jsou schopni jej nau\u010dit, \u017ee nesm\u00ed chodit do postele nebo na gau\u010d, jsou jej schopni nau\u010dit, \u017ee se bude vyprazd\u0148ovat jen v dob\u011b, kdy spole\u010dn\u011b p\u016fjdou ven a dal\u0161\u00ed v\u011bci, ale rozhodn\u011b to nen\u00ed pro dan\u00e9 zv\u00ed\u0159e p\u0159irozen\u00e9.Najdou se lid\u00e9, kte\u0159\u00ed jsou odp\u016frci zv\u00ed\u0159at doma a rozhodn\u011b se tomu nikdo nem\u016f\u017ee divit. Pro zv\u00ed\u0159ata je t\u00edm nejlep\u0161\u00edm exteri\u00e9r.Je pravda, \u017ee se najdou zv\u00ed\u0159ata, kter\u00fdm prost\u0159ed\u00ed bytu nevad\u00ed. P\u0159\u00edkladem m\u016f\u017ee b\u00fdt k\u0159e\u010dek nebo kr\u00e1l\u00ed\u010dek. N\u011bco takov\u00e9ho si \u010dlov\u011bk m\u016f\u017ee do bytu po\u0159\u00eddit bez obav, ale ur\u010dit\u011b nen\u00ed vhodn\u00e9 si do bytu po\u0159izovat psa nebo ko\u010dku.\u010clov\u011bk se pro zv\u00ed\u0159e do interi\u00e9ru rozhodne nap\u0159\u00edklad z toho d\u016fvod\u016f, \u017ee \u017eije s\u00e1m a je mu smutno. Je pochopiteln\u00e9, \u017ee \u010dlov\u011bk nechce b\u00fdt s\u00e1m a tak je mazl\u00ed\u010dek dobr\u00fdm n\u00e1padem, ale opravdu byste m\u011bli zv\u00e1\u017eit, jestli by nebylo nejlep\u0161\u00ed, kdyby takov\u00e9 zv\u00ed\u0159e \u017eilo nap\u0159\u00edklad u rodinn\u00e9ho domu na zahrad\u011b, ne\u017e v byt\u011b.Pokud m\u00e1te nav\u00edc velk\u00e9ho psa, tak n\u011bco takov\u00e9ho rozhodn\u011b do bytu ide\u00e1ln\u00ed nen\u00ed.N\u011bkter\u00fdm zv\u00ed\u0159at\u016fm se dokonce stalo i to, \u017ee se zm\u011bnilo jejich chov\u00e1n\u00ed a to nikoliv k dobr\u00e9mu, kdy\u017e je \u010dlov\u011bk nutil chodit nap\u0159\u00edklad na pl\u00ednu, jeliko\u017e jejich majitel nem\u011bl \u010das, aby s dan\u00fdm zv\u00ed\u0159etem chodil na proch\u00e1zky, aby se mohlo dan\u00e9 zv\u00ed\u0159e vyven\u010dit.Lid\u00e9 by si m\u011bli uv\u011bdomit, \u017ee interi\u00e9r pro n\u011bkter\u00e1 zv\u00ed\u0159ata opravdu nen\u00ed. Bohu\u017eel je mnoho t\u011bch, kte\u0159\u00ed si to st\u00e1le neuv\u011bdomuj\u00ed a bylo by dobr\u00e9, kdyby se to co nejd\u0159\u00edve zm\u011bnilo.Zv\u00ed\u0159ata opravdu nejsou nastaven\u00e1 tak, aby se tr\u00e1pila v mal\u00e9m interi\u00e9ru. Exteri\u00e9r je pro n\u011b to prav\u00e9.                                                                                                                                                                                                                                                                                                                                                                                                "},{"@context":"https:\/\/schema.org\/","@type":"BreadcrumbList","itemListElement":[{"@type":"ListItem","position":1,"name":"Zv\u00ed\u0159ata a byt","item":"https:\/\/www.cskr.cz\/zvirata-a-byt\/#breadcrumbitem"}]}]